{"id":331,"date":"2018-01-19T21:36:26","date_gmt":"2018-01-19T19:36:26","guid":{"rendered":"http:\/\/www.pewne.eu\/?p=331"},"modified":"2018-01-19T21:38:46","modified_gmt":"2018-01-19T19:38:46","slug":"stefan-sawicki-andrzej-paluchowski-1933-2017","status":"publish","type":"post","link":"https:\/\/www.pewne.eu\/index.php\/2018\/01\/19\/stefan-sawicki-andrzej-paluchowski-1933-2017\/","title":{"rendered":"Stefan Sawicki, Andrzej Paluchowski (1933-2017)"},"content":{"rendered":"<p><img decoding=\"async\" loading=\"lazy\" class=\"alignleft wp-image-318\" src=\"http:\/\/www.pewne.eu\/wp-content\/uploads\/2018\/01\/okladka-fot-calosc-685x1024.jpg\" alt=\"\" width=\"369\" height=\"456\" \/>Niewielka, niskonak\u0142adowa ksi\u0105\u017ceczka prof. Stefana Sawickiego o Andrzeju Paluchowskim. Autor to wieloletni prorektor KUL, wybitny literaturoznawca, redaktor naczelny krytycznego wydania \u201eDzie\u0142 wszystkich\u201d Norwida. Andrzej Paluchowski (zmar\u0142y jesieni\u0105 2017 roku), by\u0142 wieloletnim dyrektorem Biblioteki Uniwersyteckiej KUL.<\/p>\n<p>Jeden z tekst\u00f3w jest wspomnieniem o przyjacielu, wyg\u0142oszonym w Bibliotece Uniwersyteckiej KUL 20 pa\u017adziernika 2017 roku, drugi laudacj\u0105 z 2004 roku z okazji wr\u0119czenia medalu \u201eZa Zas\u0142ugi dla Katolickiego Uniwersytetu Lubelskiego\u201d.<\/p>\n<p>Teksty przedziela fotografia prof. Sawickiego i dyr. Paluchowskiego z maja 2017 r.<\/p>\n<p>Ok\u0142adka ze skrzyde\u0142kami, z nieuszlachetnionego ozdobnego kartonu<\/p>\n<p>&nbsp;<\/p>\n<p>&nbsp;<\/p>\n<p>&nbsp;<\/p>\n<h4><\/h4>\n<h4><\/h4>\n<h5><\/h5>\n<h5><\/h5>\n<h5><strong>Stefan Sawicki,\u00a0<em>Andrzej Paluchowski (1933-2017)<\/em><\/strong><\/h5>\n<h5><strong>Pewne Wydawnictwo, Kielce 2018<\/strong><\/h5>\n<h5><strong>ISBN 978-83-63518-13-4<\/strong><\/h5>\n<h5><strong>Format: 140 x 210 mm<\/strong><\/h5>\n<h5><strong>Ilo\u015b\u0107 stron: 28<\/strong><\/h5>\n<h5><strong>Redakcja, projekt ok\u0142adki i opracowanie typograficzne: Adam Cedro<\/strong><\/h5>\n","protected":false},"excerpt":{"rendered":"<p>Niewielka, niskonak\u0142adowa ksi\u0105\u017ceczka prof. Stefana Sawickiego o Andrzeju Paluchowskim. Autor to wieloletni prorektor KUL, wybitny literaturoznawca, redaktor naczelny krytycznego wydania \u201eDzie\u0142 wszystkich\u201d Norwida. Andrzej Paluchowski (zmar\u0142y jesieni\u0105 2017 roku), by\u0142 wieloletnim dyrektorem Biblioteki Uniwersyteckiej KUL. Jeden z tekst\u00f3w jest wspomnieniem o przyjacielu, wyg\u0142oszonym w Bibliotece Uniwersyteckiej KUL 20 pa\u017adziernika 2017 roku, drugi laudacj\u0105 z 2004 [&hellip;]<\/p>\n","protected":false},"author":2,"featured_media":0,"comment_status":"open","ping_status":"open","sticky":false,"template":"","format":"standard","meta":{"footnotes":""},"categories":[1],"tags":[66,67,65],"_links":{"self":[{"href":"https:\/\/www.pewne.eu\/index.php\/wp-json\/wp\/v2\/posts\/331"}],"collection":[{"href":"https:\/\/www.pewne.eu\/index.php\/wp-json\/wp\/v2\/posts"}],"about":[{"href":"https:\/\/www.pewne.eu\/index.php\/wp-json\/wp\/v2\/types\/post"}],"author":[{"embeddable":true,"href":"https:\/\/www.pewne.eu\/index.php\/wp-json\/wp\/v2\/users\/2"}],"replies":[{"embeddable":true,"href":"https:\/\/www.pewne.eu\/index.php\/wp-json\/wp\/v2\/comments?post=331"}],"version-history":[{"count":3,"href":"https:\/\/www.pewne.eu\/index.php\/wp-json\/wp\/v2\/posts\/331\/revisions"}],"predecessor-version":[{"id":334,"href":"https:\/\/www.pewne.eu\/index.php\/wp-json\/wp\/v2\/posts\/331\/revisions\/334"}],"wp:attachment":[{"href":"https:\/\/www.pewne.eu\/index.php\/wp-json\/wp\/v2\/media?parent=331"}],"wp:term":[{"taxonomy":"category","embeddable":true,"href":"https:\/\/www.pewne.eu\/index.php\/wp-json\/wp\/v2\/categories?post=331"},{"taxonomy":"post_tag","embeddable":true,"href":"https:\/\/www.pewne.eu\/index.php\/wp-json\/wp\/v2\/tags?post=331"}],"curies":[{"name":"wp","href":"https:\/\/api.w.org\/{rel}","templated":true}]}}