{"id":173,"date":"2017-11-19T13:59:33","date_gmt":"2017-11-19T11:59:33","guid":{"rendered":"http:\/\/www.pewne.eu\/?p=173"},"modified":"2017-11-19T16:58:53","modified_gmt":"2017-11-19T14:58:53","slug":"ewa-rozycka-balutki-prapremiera","status":"publish","type":"post","link":"https:\/\/www.pewne.eu\/index.php\/2017\/11\/19\/ewa-rozycka-balutki-prapremiera\/","title":{"rendered":"Ewa R\u00f3\u017cycka, Ba\u0142utki. Pra-premiera"},"content":{"rendered":"<p>&nbsp;<\/p>\n<p><a href=\"http:\/\/www.pewne.eu\/wp-content\/uploads\/2017\/11\/Ok%C5%82adka_front_x.jpg\" target=\"_blank\" rel=\"noopener\"><img decoding=\"async\" loading=\"lazy\" class=\"alignleft wp-image-179\" src=\"http:\/\/www.pewne.eu\/wp-content\/uploads\/2017\/11\/Ok\u0142adka_front_x.jpg\" alt=\"\" width=\"313\" height=\"468\" \/><\/a>Z ogromn\u0105, debiutanck\u0105 rado\u015bci\u0105 zapowiadam pierwsz\u0105 ksi\u0105\u017ck\u0119, debiutancki tom prozy Ewy R\u00f3\u017cyckiej.<\/p>\n<p>Tom, w du\u017cej cz\u0119\u015bci, \u00a0jest zbiorem miniaturowych lirycznych opowie\u015bci o ludzkich \u015bwiatach i losach, kt\u00f3rymi w ci\u0105gu ostatnich paru lat Autorka dzieli\u0142a si\u0119 na Facebooku. Ich niezaprzeczalna literacka i emocjonalna warto\u015b\u0107 sprowokowa\u0142a pomys\u0142 wydania ich w postaci ksi\u0105\u017cki. Za spraw\u0105 kompozycji i dzi\u0119ki przeniesieniu tekst\u00f3w na papier literacka dojrza\u0142o\u015b\u0107 zapis\u00f3w uwyra\u017ani\u0142a si\u0119 jeszcze mocniej.<\/p>\n<p>Wyra\u017cam najg\u0142\u0119bsz\u0105 wdzi\u0119czno\u015b\u0107 Ewie R\u00f3\u017cyckiej, \u017ce zaakceptowa\u0142a moj\u0105 propozycj\u0119 wydawnicz\u0105 i powierzy\u0142a swoje teksty kie\u0142kuj\u0105cemu wydawnictwu.<\/p>\n<p>Ksi\u0105\u017cka idzie do drukarni, na pewno b\u0119dzie dost\u0119pna w grudniu, jeszcze w okresie gwiazdkowych zakup\u00f3w. Wiem, \u017ce zas\u0142uguje na og\u00f3lnopolsk\u0105 promocj\u0119 i dystrybucj\u0119. Ale na pocz\u0105tek b\u0119dzie j\u0105 mo\u017cna zam\u00f3wi\u0107 tutaj, w sklepie Pewnego Wydawnictwa oraz w kilku wybranych ksi\u0119garniach w Polsce. Bardzo licz\u0119 na Pa\u0144stwa pomoc w szeptanej promocji. A ja b\u0119d\u0119 stara\u0142 si\u0119 o wszystkim informowa\u0107 na bie\u017c\u0105co.<\/p>\n<p>Adam Cedro<\/p>\n","protected":false},"excerpt":{"rendered":"<p>&nbsp; Z ogromn\u0105, debiutanck\u0105 rado\u015bci\u0105 zapowiadam pierwsz\u0105 ksi\u0105\u017ck\u0119, debiutancki tom prozy Ewy R\u00f3\u017cyckiej. Tom, w du\u017cej cz\u0119\u015bci, \u00a0jest zbiorem miniaturowych lirycznych opowie\u015bci o ludzkich \u015bwiatach i losach, kt\u00f3rymi w ci\u0105gu ostatnich paru lat Autorka dzieli\u0142a si\u0119 na Facebooku. Ich niezaprzeczalna literacka i emocjonalna warto\u015b\u0107 sprowokowa\u0142a pomys\u0142 wydania ich w postaci ksi\u0105\u017cki. Za spraw\u0105 kompozycji i [&hellip;]<\/p>\n","protected":false},"author":2,"featured_media":0,"comment_status":"open","ping_status":"open","sticky":false,"template":"","format":"standard","meta":{"footnotes":""},"categories":[23],"tags":[31,27,28,29,30],"_links":{"self":[{"href":"https:\/\/www.pewne.eu\/index.php\/wp-json\/wp\/v2\/posts\/173"}],"collection":[{"href":"https:\/\/www.pewne.eu\/index.php\/wp-json\/wp\/v2\/posts"}],"about":[{"href":"https:\/\/www.pewne.eu\/index.php\/wp-json\/wp\/v2\/types\/post"}],"author":[{"embeddable":true,"href":"https:\/\/www.pewne.eu\/index.php\/wp-json\/wp\/v2\/users\/2"}],"replies":[{"embeddable":true,"href":"https:\/\/www.pewne.eu\/index.php\/wp-json\/wp\/v2\/comments?post=173"}],"version-history":[{"count":7,"href":"https:\/\/www.pewne.eu\/index.php\/wp-json\/wp\/v2\/posts\/173\/revisions"}],"predecessor-version":[{"id":183,"href":"https:\/\/www.pewne.eu\/index.php\/wp-json\/wp\/v2\/posts\/173\/revisions\/183"}],"wp:attachment":[{"href":"https:\/\/www.pewne.eu\/index.php\/wp-json\/wp\/v2\/media?parent=173"}],"wp:term":[{"taxonomy":"category","embeddable":true,"href":"https:\/\/www.pewne.eu\/index.php\/wp-json\/wp\/v2\/categories?post=173"},{"taxonomy":"post_tag","embeddable":true,"href":"https:\/\/www.pewne.eu\/index.php\/wp-json\/wp\/v2\/tags?post=173"}],"curies":[{"name":"wp","href":"https:\/\/api.w.org\/{rel}","templated":true}]}}